{"id":983,"date":"2022-09-27T14:54:16","date_gmt":"2022-09-27T12:54:16","guid":{"rendered":"http:\/\/podlasiebranickich.pl\/?p=983"},"modified":"2022-10-11T10:32:06","modified_gmt":"2022-10-11T08:32:06","slug":"relikty-kanalu-sanitarnego","status":"publish","type":"post","link":"http:\/\/podlasiebranickich.pl\/index.php\/2022\/09\/27\/relikty-kanalu-sanitarnego\/","title":{"rendered":"Relikty kana\u0142u sanitarnego"},"content":{"rendered":"\n<p><strong>Relikty kana\u0142u sanitarnego<\/strong>, dziedziniec kuchenny Pa\u0142acu Branickich, archiwum Dzia\u0142u Archeologii Muzeum Podlaskiego w Bia\u0142ymstoku, rys. oraz fot. L. Pawlata<\/p>\n\n\n\n<p>Latem 2011 roku podczas przebudowy nawierzchni placu znajduj\u0105cego si\u0119 pomi\u0119dzy Galeri\u0105 Arsena\u0142 (dawna oficyna <em>Za kuchni\u0105<\/em>) i po\u0142udniowym skrzyd\u0142em Pa\u0142acu Branickich odkryto relikty XVIII-wiecznej architektury. Mi\u0119dzy innymi fragment murowanego kana\u0142u sanitarnego, o funkcjonowaniu kt\u00f3rego wzmiankowano ju\u017c w 1737 roku. Wymurowano go z cegie\u0142 i kamieni w wykopie szerokoprzestrzennym. \u015aciany wzniesiono z kamienia licowanego do wn\u0119trza, wzmacniaj\u0105c obudow\u0105 kamienn\u0105 od zewn\u0105trz. Jego wewn\u0119trzna szeroko\u015b\u0107 wynosi\u0142a oko\u0142o 0,6-0,65 m, wysoko\u015b\u0107 maksymalna 1,05 m. Kolebkowe sklepienie wykonano z pojedynczej warstwy cegie\u0142 \u0142\u0105czonych zapraw\u0105 wapienn\u0105, u\u0142o\u017conych woz\u00f3wkami do g\u00f3ry. <em>\u00a0<\/em>Wn\u0119trze wybrukowano niewielkimi kamieniami eratycznymi, \u015brednicy 10-20 cm. Inne rudymenty tej instalacji odkryto tak\u017ce w trakcie bada\u0144 prowadzonych na dziedzi\u0144cu wst\u0119pnym i przy budynku <em>Operhauzu<\/em>.<\/p>\n\n\n\n<p>Autor: Halina Karwowska<\/p>\n\n\n\n<p>\u0179r\u00f3d\u0142o opracowania: L. Pawlata, <em>Archeologiczne badania wykopaliskowe na dziedzi\u0144cu kuchennym Pa\u0142acu Branickich w Bia\u0142ymstoku<\/em>, Podlaskie Zeszyty Archeologiczne, \u00a09\/2013, s. 121-176.<\/p>\n\n\n\n<figure class=\"wp-block-gallery has-nested-images columns-default is-cropped wp-block-gallery-1 is-layout-flex wp-block-gallery-is-layout-flex\">\n<figure class=\"wp-block-image size-large\"><a href=\"http:\/\/podlasiebranickich.pl\/wp-content\/uploads\/2022\/09\/Plan-i-profile-reliktow-murowanego-kanalu-sanitarnego.jpg\"><img loading=\"lazy\" decoding=\"async\" width=\"2336\" height=\"1875\" data-id=\"991\" src=\"http:\/\/podlasiebranickich.pl\/wp-content\/uploads\/2022\/09\/Plan-i-profile-reliktow-murowanego-kanalu-sanitarnego.jpg\" alt=\"\" class=\"wp-image-991\" srcset=\"http:\/\/podlasiebranickich.pl\/wp-content\/uploads\/2022\/09\/Plan-i-profile-reliktow-murowanego-kanalu-sanitarnego.jpg 2336w, http:\/\/podlasiebranickich.pl\/wp-content\/uploads\/2022\/09\/Plan-i-profile-reliktow-murowanego-kanalu-sanitarnego-300x241.jpg 300w, http:\/\/podlasiebranickich.pl\/wp-content\/uploads\/2022\/09\/Plan-i-profile-reliktow-murowanego-kanalu-sanitarnego-1024x822.jpg 1024w, http:\/\/podlasiebranickich.pl\/wp-content\/uploads\/2022\/09\/Plan-i-profile-reliktow-murowanego-kanalu-sanitarnego-768x616.jpg 768w, http:\/\/podlasiebranickich.pl\/wp-content\/uploads\/2022\/09\/Plan-i-profile-reliktow-murowanego-kanalu-sanitarnego-1536x1233.jpg 1536w, http:\/\/podlasiebranickich.pl\/wp-content\/uploads\/2022\/09\/Plan-i-profile-reliktow-murowanego-kanalu-sanitarnego-2048x1644.jpg 2048w\" sizes=\"auto, (max-width: 2336px) 100vw, 2336px\" \/><\/a><figcaption>Rys. Plan i profile relikt\u00f3w murowanego kana\u0142u sanitarnego<\/figcaption><\/figure>\n\n\n\n<figure class=\"wp-block-image size-large\"><a href=\"http:\/\/podlasiebranickich.pl\/wp-content\/uploads\/2022\/09\/1.-Fot.-Odsloniete-relikty-murowanego-kanalu-sanitarnego-L.-Pawlata-scaled.jpg\"><img loading=\"lazy\" decoding=\"async\" width=\"2560\" height=\"1384\" data-id=\"984\" src=\"http:\/\/podlasiebranickich.pl\/wp-content\/uploads\/2022\/09\/1.-Fot.-Odsloniete-relikty-murowanego-kanalu-sanitarnego-L.-Pawlata-scaled.jpg\" alt=\"\" class=\"wp-image-984\" srcset=\"http:\/\/podlasiebranickich.pl\/wp-content\/uploads\/2022\/09\/1.-Fot.-Odsloniete-relikty-murowanego-kanalu-sanitarnego-L.-Pawlata-scaled.jpg 2560w, http:\/\/podlasiebranickich.pl\/wp-content\/uploads\/2022\/09\/1.-Fot.-Odsloniete-relikty-murowanego-kanalu-sanitarnego-L.-Pawlata-300x162.jpg 300w, http:\/\/podlasiebranickich.pl\/wp-content\/uploads\/2022\/09\/1.-Fot.-Odsloniete-relikty-murowanego-kanalu-sanitarnego-L.-Pawlata-1024x553.jpg 1024w, http:\/\/podlasiebranickich.pl\/wp-content\/uploads\/2022\/09\/1.-Fot.-Odsloniete-relikty-murowanego-kanalu-sanitarnego-L.-Pawlata-768x415.jpg 768w, http:\/\/podlasiebranickich.pl\/wp-content\/uploads\/2022\/09\/1.-Fot.-Odsloniete-relikty-murowanego-kanalu-sanitarnego-L.-Pawlata-1536x830.jpg 1536w, http:\/\/podlasiebranickich.pl\/wp-content\/uploads\/2022\/09\/1.-Fot.-Odsloniete-relikty-murowanego-kanalu-sanitarnego-L.-Pawlata-2048x1107.jpg 2048w\" sizes=\"auto, (max-width: 2560px) 100vw, 2560px\" \/><\/a><figcaption>Fot. Ods\u0142oni\u0119te relikty murowanego kana\u0142u sanitarnego<\/figcaption><\/figure>\n<\/figure>\n","protected":false},"excerpt":{"rendered":"<p>Relikty kana\u0142u sanitarnego, dziedziniec kuchenny Pa\u0142acu Branickich, archiwum Dzia\u0142u Archeologii Muzeum Podlaskiego w Bia\u0142ymstoku, rys. oraz fot. L. Pawlata Latem 2011 roku podczas przebudowy nawierzchni placu znajduj\u0105cego si\u0119 pomi\u0119dzy Galeri\u0105 Arsena\u0142 (dawna oficyna Za kuchni\u0105) i po\u0142udniowym skrzyd\u0142em Pa\u0142acu Branickich odkryto relikty XVIII-wiecznej architektury. Mi\u0119dzy innymi fragment murowanego kana\u0142u sanitarnego, o funkcjonowaniu kt\u00f3rego wzmiankowano ju\u017c&hellip;&nbsp;<a href=\"http:\/\/podlasiebranickich.pl\/index.php\/2022\/09\/27\/relikty-kanalu-sanitarnego\/\" class=\"\" rel=\"bookmark\">Czytaj dalej &raquo;<span class=\"screen-reader-text\">Relikty kana\u0142u sanitarnego<\/span><\/a><\/p>\n","protected":false},"author":1,"featured_media":984,"comment_status":"closed","ping_status":"closed","sticky":false,"template":"","format":"standard","meta":{"neve_meta_sidebar":"","neve_meta_container":"","neve_meta_enable_content_width":"","neve_meta_content_width":0,"neve_meta_title_alignment":"","neve_meta_author_avatar":"","neve_post_elements_order":"","neve_meta_disable_header":"","neve_meta_disable_footer":"","neve_meta_disable_title":"","footnotes":""},"categories":[17,29],"tags":[],"class_list":["post-983","post","type-post","status-publish","format-standard","has-post-thumbnail","hentry","category-zabytki-architekury","category-dzial-archeologii-muzeum-podlaskiego-w-bialymstoku"],"yoast_head":"<!-- This site is optimized with the Yoast SEO plugin v19.7.1 - https:\/\/yoast.com\/wordpress\/plugins\/seo\/ -->\n<title>Relikty kana\u0142u sanitarnego - Podlasie Branickich<\/title>\n<meta name=\"robots\" content=\"index, follow, max-snippet:-1, max-image-preview:large, max-video-preview:-1\" \/>\n<link rel=\"canonical\" href=\"https:\/\/podlasiebranickich.pl\/index.php\/2022\/09\/27\/relikty-kanalu-sanitarnego\/\" \/>\n<meta property=\"og:locale\" content=\"pl_PL\" \/>\n<meta property=\"og:type\" content=\"article\" \/>\n<meta property=\"og:title\" content=\"Relikty kana\u0142u sanitarnego - Podlasie Branickich\" \/>\n<meta property=\"og:description\" content=\"Relikty kana\u0142u sanitarnego, dziedziniec kuchenny Pa\u0142acu Branickich, archiwum Dzia\u0142u Archeologii Muzeum Podlaskiego w Bia\u0142ymstoku, rys. oraz fot. L. Pawlata Latem 2011 roku podczas przebudowy nawierzchni placu znajduj\u0105cego si\u0119 pomi\u0119dzy Galeri\u0105 Arsena\u0142 (dawna oficyna Za kuchni\u0105) i po\u0142udniowym skrzyd\u0142em Pa\u0142acu Branickich odkryto relikty XVIII-wiecznej architektury. Mi\u0119dzy innymi fragment murowanego kana\u0142u sanitarnego, o funkcjonowaniu kt\u00f3rego wzmiankowano ju\u017c&hellip;&nbsp;Czytaj dalej &raquo;Relikty kana\u0142u sanitarnego\" \/>\n<meta property=\"og:url\" content=\"https:\/\/podlasiebranickich.pl\/index.php\/2022\/09\/27\/relikty-kanalu-sanitarnego\/\" \/>\n<meta property=\"og:site_name\" content=\"Podlasie Branickich\" \/>\n<meta property=\"article:published_time\" content=\"2022-09-27T12:54:16+00:00\" \/>\n<meta property=\"article:modified_time\" content=\"2022-10-11T08:32:06+00:00\" \/>\n<meta property=\"og:image\" content=\"https:\/\/podlasiebranickich.pl\/wp-content\/uploads\/2022\/09\/1.-Fot.-Odsloniete-relikty-murowanego-kanalu-sanitarnego-L.-Pawlata-scaled.jpg\" \/>\n\t<meta property=\"og:image:width\" content=\"2560\" \/>\n\t<meta property=\"og:image:height\" content=\"1384\" \/>\n\t<meta property=\"og:image:type\" content=\"image\/jpeg\" \/>\n<meta name=\"author\" content=\"p.sarosiek\" \/>\n<meta name=\"twitter:card\" content=\"summary_large_image\" \/>\n<meta name=\"twitter:label1\" content=\"Napisane przez\" \/>\n\t<meta name=\"twitter:data1\" content=\"p.sarosiek\" \/>\n\t<meta name=\"twitter:label2\" content=\"Szacowany czas czytania\" \/>\n\t<meta name=\"twitter:data2\" content=\"2 minuty\" \/>\n<script type=\"application\/ld+json\" class=\"yoast-schema-graph\">{\"@context\":\"https:\/\/schema.org\",\"@graph\":[{\"@type\":\"Article\",\"@id\":\"https:\/\/podlasiebranickich.pl\/index.php\/2022\/09\/27\/relikty-kanalu-sanitarnego\/#article\",\"isPartOf\":{\"@id\":\"https:\/\/podlasiebranickich.pl\/index.php\/2022\/09\/27\/relikty-kanalu-sanitarnego\/\"},\"author\":{\"name\":\"p.sarosiek\",\"@id\":\"http:\/\/podlasiebranickich.pl\/#\/schema\/person\/ab0ba399f61a891c3d7fe0eea6c72373\"},\"headline\":\"Relikty kana\u0142u sanitarnego\",\"datePublished\":\"2022-09-27T12:54:16+00:00\",\"dateModified\":\"2022-10-11T08:32:06+00:00\",\"mainEntityOfPage\":{\"@id\":\"https:\/\/podlasiebranickich.pl\/index.php\/2022\/09\/27\/relikty-kanalu-sanitarnego\/\"},\"wordCount\":202,\"publisher\":{\"@id\":\"http:\/\/podlasiebranickich.pl\/#organization\"},\"articleSection\":[\"Architektura\",\"Dzia\u0142 Archeologii Muzeum Podlaskiego w Bia\u0142ymstoku\"],\"inLanguage\":\"pl-PL\"},{\"@type\":\"WebPage\",\"@id\":\"https:\/\/podlasiebranickich.pl\/index.php\/2022\/09\/27\/relikty-kanalu-sanitarnego\/\",\"url\":\"https:\/\/podlasiebranickich.pl\/index.php\/2022\/09\/27\/relikty-kanalu-sanitarnego\/\",\"name\":\"Relikty kana\u0142u sanitarnego - Podlasie Branickich\",\"isPartOf\":{\"@id\":\"http:\/\/podlasiebranickich.pl\/#website\"},\"datePublished\":\"2022-09-27T12:54:16+00:00\",\"dateModified\":\"2022-10-11T08:32:06+00:00\",\"breadcrumb\":{\"@id\":\"https:\/\/podlasiebranickich.pl\/index.php\/2022\/09\/27\/relikty-kanalu-sanitarnego\/#breadcrumb\"},\"inLanguage\":\"pl-PL\",\"potentialAction\":[{\"@type\":\"ReadAction\",\"target\":[\"https:\/\/podlasiebranickich.pl\/index.php\/2022\/09\/27\/relikty-kanalu-sanitarnego\/\"]}]},{\"@type\":\"BreadcrumbList\",\"@id\":\"https:\/\/podlasiebranickich.pl\/index.php\/2022\/09\/27\/relikty-kanalu-sanitarnego\/#breadcrumb\",\"itemListElement\":[{\"@type\":\"ListItem\",\"position\":1,\"name\":\"Strona g\u0142\u00f3wna\",\"item\":\"http:\/\/podlasiebranickich.pl\/\"},{\"@type\":\"ListItem\",\"position\":2,\"name\":\"Relikty kana\u0142u sanitarnego\"}]},{\"@type\":\"WebSite\",\"@id\":\"http:\/\/podlasiebranickich.pl\/#website\",\"url\":\"http:\/\/podlasiebranickich.pl\/\",\"name\":\"Podlasie Branickich\",\"description\":\"Obiekty kultury pozosta\u0142e po rodzie Branickich na Podlasiu\",\"publisher\":{\"@id\":\"http:\/\/podlasiebranickich.pl\/#organization\"},\"potentialAction\":[{\"@type\":\"SearchAction\",\"target\":{\"@type\":\"EntryPoint\",\"urlTemplate\":\"http:\/\/podlasiebranickich.pl\/?s={search_term_string}\"},\"query-input\":\"required name=search_term_string\"}],\"inLanguage\":\"pl-PL\"},{\"@type\":\"Organization\",\"@id\":\"http:\/\/podlasiebranickich.pl\/#organization\",\"name\":\"Podlasie Branickich\",\"url\":\"http:\/\/podlasiebranickich.pl\/\",\"sameAs\":[],\"logo\":{\"@type\":\"ImageObject\",\"inLanguage\":\"pl-PL\",\"@id\":\"http:\/\/podlasiebranickich.pl\/#\/schema\/logo\/image\/\",\"url\":\"http:\/\/podlasiebranickich.pl\/wp-content\/uploads\/2022\/08\/logo-agency.png\",\"contentUrl\":\"http:\/\/podlasiebranickich.pl\/wp-content\/uploads\/2022\/08\/logo-agency.png\",\"width\":200,\"height\":200,\"caption\":\"Podlasie Branickich\"},\"image\":{\"@id\":\"http:\/\/podlasiebranickich.pl\/#\/schema\/logo\/image\/\"}},{\"@type\":\"Person\",\"@id\":\"http:\/\/podlasiebranickich.pl\/#\/schema\/person\/ab0ba399f61a891c3d7fe0eea6c72373\",\"name\":\"p.sarosiek\",\"image\":{\"@type\":\"ImageObject\",\"inLanguage\":\"pl-PL\",\"@id\":\"http:\/\/podlasiebranickich.pl\/#\/schema\/person\/image\/\",\"url\":\"https:\/\/secure.gravatar.com\/avatar\/735e5ee85d4807a19ebcfd9beb85e23a8e8e2e7301c3f6dc40303a1499c6dc4f?s=96&d=mm&r=g\",\"contentUrl\":\"https:\/\/secure.gravatar.com\/avatar\/735e5ee85d4807a19ebcfd9beb85e23a8e8e2e7301c3f6dc40303a1499c6dc4f?s=96&d=mm&r=g\",\"caption\":\"p.sarosiek\"},\"sameAs\":[\"http:\/\/podlasiebranickich.pl\"],\"url\":\"http:\/\/podlasiebranickich.pl\/index.php\/author\/p-sarosiek\/\"}]}<\/script>\n<!-- \/ Yoast SEO plugin. -->","yoast_head_json":{"title":"Relikty kana\u0142u sanitarnego - Podlasie Branickich","robots":{"index":"index","follow":"follow","max-snippet":"max-snippet:-1","max-image-preview":"max-image-preview:large","max-video-preview":"max-video-preview:-1"},"canonical":"https:\/\/podlasiebranickich.pl\/index.php\/2022\/09\/27\/relikty-kanalu-sanitarnego\/","og_locale":"pl_PL","og_type":"article","og_title":"Relikty kana\u0142u sanitarnego - Podlasie Branickich","og_description":"Relikty kana\u0142u sanitarnego, dziedziniec kuchenny Pa\u0142acu Branickich, archiwum Dzia\u0142u Archeologii Muzeum Podlaskiego w Bia\u0142ymstoku, rys. oraz fot. L. Pawlata Latem 2011 roku podczas przebudowy nawierzchni placu znajduj\u0105cego si\u0119 pomi\u0119dzy Galeri\u0105 Arsena\u0142 (dawna oficyna Za kuchni\u0105) i po\u0142udniowym skrzyd\u0142em Pa\u0142acu Branickich odkryto relikty XVIII-wiecznej architektury. Mi\u0119dzy innymi fragment murowanego kana\u0142u sanitarnego, o funkcjonowaniu kt\u00f3rego wzmiankowano ju\u017c&hellip;&nbsp;Czytaj dalej &raquo;Relikty kana\u0142u sanitarnego","og_url":"https:\/\/podlasiebranickich.pl\/index.php\/2022\/09\/27\/relikty-kanalu-sanitarnego\/","og_site_name":"Podlasie Branickich","article_published_time":"2022-09-27T12:54:16+00:00","article_modified_time":"2022-10-11T08:32:06+00:00","og_image":[{"width":2560,"height":1384,"url":"https:\/\/podlasiebranickich.pl\/wp-content\/uploads\/2022\/09\/1.-Fot.-Odsloniete-relikty-murowanego-kanalu-sanitarnego-L.-Pawlata-scaled.jpg","type":"image\/jpeg"}],"author":"p.sarosiek","twitter_card":"summary_large_image","twitter_misc":{"Napisane przez":"p.sarosiek","Szacowany czas czytania":"2 minuty"},"schema":{"@context":"https:\/\/schema.org","@graph":[{"@type":"Article","@id":"https:\/\/podlasiebranickich.pl\/index.php\/2022\/09\/27\/relikty-kanalu-sanitarnego\/#article","isPartOf":{"@id":"https:\/\/podlasiebranickich.pl\/index.php\/2022\/09\/27\/relikty-kanalu-sanitarnego\/"},"author":{"name":"p.sarosiek","@id":"http:\/\/podlasiebranickich.pl\/#\/schema\/person\/ab0ba399f61a891c3d7fe0eea6c72373"},"headline":"Relikty kana\u0142u sanitarnego","datePublished":"2022-09-27T12:54:16+00:00","dateModified":"2022-10-11T08:32:06+00:00","mainEntityOfPage":{"@id":"https:\/\/podlasiebranickich.pl\/index.php\/2022\/09\/27\/relikty-kanalu-sanitarnego\/"},"wordCount":202,"publisher":{"@id":"http:\/\/podlasiebranickich.pl\/#organization"},"articleSection":["Architektura","Dzia\u0142 Archeologii Muzeum Podlaskiego w Bia\u0142ymstoku"],"inLanguage":"pl-PL"},{"@type":"WebPage","@id":"https:\/\/podlasiebranickich.pl\/index.php\/2022\/09\/27\/relikty-kanalu-sanitarnego\/","url":"https:\/\/podlasiebranickich.pl\/index.php\/2022\/09\/27\/relikty-kanalu-sanitarnego\/","name":"Relikty kana\u0142u sanitarnego - Podlasie Branickich","isPartOf":{"@id":"http:\/\/podlasiebranickich.pl\/#website"},"datePublished":"2022-09-27T12:54:16+00:00","dateModified":"2022-10-11T08:32:06+00:00","breadcrumb":{"@id":"https:\/\/podlasiebranickich.pl\/index.php\/2022\/09\/27\/relikty-kanalu-sanitarnego\/#breadcrumb"},"inLanguage":"pl-PL","potentialAction":[{"@type":"ReadAction","target":["https:\/\/podlasiebranickich.pl\/index.php\/2022\/09\/27\/relikty-kanalu-sanitarnego\/"]}]},{"@type":"BreadcrumbList","@id":"https:\/\/podlasiebranickich.pl\/index.php\/2022\/09\/27\/relikty-kanalu-sanitarnego\/#breadcrumb","itemListElement":[{"@type":"ListItem","position":1,"name":"Strona g\u0142\u00f3wna","item":"http:\/\/podlasiebranickich.pl\/"},{"@type":"ListItem","position":2,"name":"Relikty kana\u0142u sanitarnego"}]},{"@type":"WebSite","@id":"http:\/\/podlasiebranickich.pl\/#website","url":"http:\/\/podlasiebranickich.pl\/","name":"Podlasie Branickich","description":"Obiekty kultury pozosta\u0142e po rodzie Branickich na Podlasiu","publisher":{"@id":"http:\/\/podlasiebranickich.pl\/#organization"},"potentialAction":[{"@type":"SearchAction","target":{"@type":"EntryPoint","urlTemplate":"http:\/\/podlasiebranickich.pl\/?s={search_term_string}"},"query-input":"required name=search_term_string"}],"inLanguage":"pl-PL"},{"@type":"Organization","@id":"http:\/\/podlasiebranickich.pl\/#organization","name":"Podlasie Branickich","url":"http:\/\/podlasiebranickich.pl\/","sameAs":[],"logo":{"@type":"ImageObject","inLanguage":"pl-PL","@id":"http:\/\/podlasiebranickich.pl\/#\/schema\/logo\/image\/","url":"http:\/\/podlasiebranickich.pl\/wp-content\/uploads\/2022\/08\/logo-agency.png","contentUrl":"http:\/\/podlasiebranickich.pl\/wp-content\/uploads\/2022\/08\/logo-agency.png","width":200,"height":200,"caption":"Podlasie Branickich"},"image":{"@id":"http:\/\/podlasiebranickich.pl\/#\/schema\/logo\/image\/"}},{"@type":"Person","@id":"http:\/\/podlasiebranickich.pl\/#\/schema\/person\/ab0ba399f61a891c3d7fe0eea6c72373","name":"p.sarosiek","image":{"@type":"ImageObject","inLanguage":"pl-PL","@id":"http:\/\/podlasiebranickich.pl\/#\/schema\/person\/image\/","url":"https:\/\/secure.gravatar.com\/avatar\/735e5ee85d4807a19ebcfd9beb85e23a8e8e2e7301c3f6dc40303a1499c6dc4f?s=96&d=mm&r=g","contentUrl":"https:\/\/secure.gravatar.com\/avatar\/735e5ee85d4807a19ebcfd9beb85e23a8e8e2e7301c3f6dc40303a1499c6dc4f?s=96&d=mm&r=g","caption":"p.sarosiek"},"sameAs":["http:\/\/podlasiebranickich.pl"],"url":"http:\/\/podlasiebranickich.pl\/index.php\/author\/p-sarosiek\/"}]}},"_links":{"self":[{"href":"http:\/\/podlasiebranickich.pl\/index.php\/wp-json\/wp\/v2\/posts\/983","targetHints":{"allow":["GET"]}}],"collection":[{"href":"http:\/\/podlasiebranickich.pl\/index.php\/wp-json\/wp\/v2\/posts"}],"about":[{"href":"http:\/\/podlasiebranickich.pl\/index.php\/wp-json\/wp\/v2\/types\/post"}],"author":[{"embeddable":true,"href":"http:\/\/podlasiebranickich.pl\/index.php\/wp-json\/wp\/v2\/users\/1"}],"replies":[{"embeddable":true,"href":"http:\/\/podlasiebranickich.pl\/index.php\/wp-json\/wp\/v2\/comments?post=983"}],"version-history":[{"count":6,"href":"http:\/\/podlasiebranickich.pl\/index.php\/wp-json\/wp\/v2\/posts\/983\/revisions"}],"predecessor-version":[{"id":1880,"href":"http:\/\/podlasiebranickich.pl\/index.php\/wp-json\/wp\/v2\/posts\/983\/revisions\/1880"}],"wp:featuredmedia":[{"embeddable":true,"href":"http:\/\/podlasiebranickich.pl\/index.php\/wp-json\/wp\/v2\/media\/984"}],"wp:attachment":[{"href":"http:\/\/podlasiebranickich.pl\/index.php\/wp-json\/wp\/v2\/media?parent=983"}],"wp:term":[{"taxonomy":"category","embeddable":true,"href":"http:\/\/podlasiebranickich.pl\/index.php\/wp-json\/wp\/v2\/categories?post=983"},{"taxonomy":"post_tag","embeddable":true,"href":"http:\/\/podlasiebranickich.pl\/index.php\/wp-json\/wp\/v2\/tags?post=983"}],"curies":[{"name":"wp","href":"https:\/\/api.w.org\/{rel}","templated":true}]}}